{"id":1939,"date":"2022-12-30T20:24:07","date_gmt":"2022-12-30T20:24:07","guid":{"rendered":"https:\/\/olympiquesspeciauxquebec.dev.gxi.co\/?p=1939"},"modified":"2023-03-20T20:12:09","modified_gmt":"2023-03-20T20:12:09","slug":"a-visit-from-france","status":"publish","type":"post","link":"https:\/\/stage.olympiquesspeciauxquebec.ca\/en\/a-visit-from-france\/","title":{"rendered":"A visit from France!"},"content":{"rendered":"\t\t<div data-elementor-type=\"wp-post\" data-elementor-id=\"1939\" class=\"elementor elementor-1939 elementor-719\" data-elementor-post-type=\"post\">\n\t\t\t\t\t\t\t\t\t<section class=\"elementor-section elementor-top-section elementor-element elementor-element-c1845c3 elementor-section-content-top elementor-section-full_width elementor-section-height-default elementor-section-height-default\" data-id=\"c1845c3\" data-element_type=\"section\" data-settings=\"{&quot;background_background&quot;:&quot;classic&quot;}\">\n\t\t\t\t\t\t<div class=\"elementor-container elementor-column-gap-default\">\n\t\t\t\t\t<div class=\"elementor-column elementor-col-50 elementor-top-column elementor-element elementor-element-01c7413\" data-id=\"01c7413\" data-element_type=\"column\">\n\t\t\t<div class=\"elementor-widget-wrap elementor-element-populated\">\n\t\t\t\t\t\t\t\t<div class=\"elementor-element elementor-element-cc3b1c1 elementor-widget elementor-widget-text-editor\" data-id=\"cc3b1c1\" data-element_type=\"widget\" data-widget_type=\"text-editor.default\">\n\t\t\t\t<div class=\"elementor-widget-container\">\n\t\t\t<style>\/*! elementor - v3.18.0 - 06-12-2023 *\/\n.elementor-widget-text-editor.elementor-drop-cap-view-stacked .elementor-drop-cap{background-color:#69727d;color:#fff}.elementor-widget-text-editor.elementor-drop-cap-view-framed .elementor-drop-cap{color:#69727d;border:3px solid;background-color:transparent}.elementor-widget-text-editor:not(.elementor-drop-cap-view-default) .elementor-drop-cap{margin-top:8px}.elementor-widget-text-editor:not(.elementor-drop-cap-view-default) .elementor-drop-cap-letter{width:1em;height:1em}.elementor-widget-text-editor .elementor-drop-cap{float:left;text-align:center;line-height:1;font-size:50px}.elementor-widget-text-editor .elementor-drop-cap-letter{display:inline-block}<\/style>\t\t\t\t<p><img fetchpriority=\"high\" decoding=\"async\" class=\"alignleft wp-image-813 size-full\" src=\"https:\/\/stage.olympiquesspeciauxquebec.ca\/wp-content\/uploads\/2023\/01\/groupe-arras.jpg\" alt=\"\" width=\"300\" height=\"184\" \/><\/p><p>Olympiques sp\u00e9ciaux Qu\u00e9bec a re\u00e7u une dizaine de personnes pr\u00e9sentant une d\u00e9ficience intellectuelle et un groupe de parents, professionnels et b\u00e9n\u00e9voles-accompagnateurs ce lundi \u00e0 Montr\u00e9al. La d\u00e9l\u00e9gation de Down Up, en provenance d\u2019Arras en France, est au Qu\u00e9bec dans le cadre d\u2019un s\u00e9jour d\u2019apprentissage financ\u00e9 par l\u2019Office franco-qu\u00e9b\u00e9cois pour la jeunesse.<\/p><p>Olympiques sp\u00e9ciaux Qu\u00e9bec a re\u00e7u la d\u00e9l\u00e9gation pour une journ\u00e9e de d\u00e9couverte et d\u2019initiation. Ce fut l\u2019occasion pour Francine Gendron, directrice g\u00e9n\u00e9rale d\u2019Olympiques sp\u00e9ciaux Qu\u00e9bec, de pr\u00e9senter l\u2019organisation ainsi que l\u2019offre de services en trois volets : le sport organis\u00e9, la sant\u00e9 et le sport unifi\u00e9. Pour sa part, monsieur Emmanuel Laloux, pr\u00e9sident du conseil d\u2019administration de Down up, a pr\u00e9sent\u00e9 l\u2019organisation et sa gamme de services offerts aux parents et familles d\u2019enfants vivant avec une d\u00e9ficience intellectuelle.<\/p><p>Puisque l\u2019\u00e9v\u00e9nement visait \u00e0 faire vivre l\u2019exp\u00e9rience Olympiques sp\u00e9ciaux, des athl\u00e8tes venus de partout au Qu\u00e9bec ont offert au groupe une initiation \u00e0 la boccia et une session de conditionnement physique. Rires et plaisir ont \u00e9t\u00e9 au rendez-vous lors de cette journ\u00e9e remplie de joie et d\u2019amiti\u00e9s nouvellement n\u00e9es.<\/p><p>Parmi les repr\u00e9sentants de Down Up, soulignons la pr\u00e9sence d\u2019\u00c9l\u00e9onore Laloux, qui pr\u00e9sente une d\u00e9ficience intellectuelle et qui occupe le poste de conseill\u00e8re d\u00e9l\u00e9gu\u00e9e \u00e0 la Transition Inclusive et au Bonheur \u00e0 la Commune d\u2019Arras.<\/p><p>L\u2019\u00e9v\u00e9nement se d\u00e9roulait aux bureaux de la Fraternit\u00e9 des policiers et polici\u00e8res de Montr\u00e9al.<\/p>\t\t\t\t\t\t<\/div>\n\t\t\t\t<\/div>\n\t\t\t\t\t<\/div>\n\t\t<\/div>\n\t\t\t\t<div class=\"elementor-column elementor-col-50 elementor-top-column elementor-element elementor-element-0a347f8\" data-id=\"0a347f8\" data-element_type=\"column\">\n\t\t\t<div class=\"elementor-widget-wrap elementor-element-populated\">\n\t\t\t\t\t\t\t\t<div class=\"elementor-element elementor-element-1ca0bcc elementor-widget elementor-widget-template\" data-id=\"1ca0bcc\" data-element_type=\"widget\" data-widget_type=\"template.default\">\n\t\t\t\t<div class=\"elementor-widget-container\">\n\t\t\t\t\t<div class=\"elementor-template\">\n\t\t\t\t\t<div data-elementor-type=\"section\" data-elementor-id=\"1958\" class=\"elementor elementor-1958 elementor-1313\" data-elementor-post-type=\"elementor_library\">\n\t\t\t\t\t\t\t\t<section class=\"elementor-section elementor-top-section elementor-element elementor-element-477101e elementor-section-full_width elementor-section-content-top elementor-section-height-default elementor-section-height-default\" data-id=\"477101e\" data-element_type=\"section\">\n\t\t\t\t\t\t<div class=\"elementor-container elementor-column-gap-default\">\n\t\t\t\t\t<div class=\"elementor-column elementor-col-100 elementor-top-column elementor-element elementor-element-ba53bb9\" data-id=\"ba53bb9\" data-element_type=\"column\">\n\t\t\t<div class=\"elementor-widget-wrap elementor-element-populated\">\n\t\t\t\t\t\t\t\t<div class=\"elementor-element elementor-element-34d6ff9 elementor-widget elementor-widget-heading\" data-id=\"34d6ff9\" data-element_type=\"widget\" data-widget_type=\"heading.default\">\n\t\t\t\t<div class=\"elementor-widget-container\">\n\t\t\t<style>\/*! elementor - v3.18.0 - 06-12-2023 *\/\n.elementor-heading-title{padding:0;margin:0;line-height:1}.elementor-widget-heading .elementor-heading-title[class*=elementor-size-]>a{color:inherit;font-size:inherit;line-height:inherit}.elementor-widget-heading .elementor-heading-title.elementor-size-small{font-size:15px}.elementor-widget-heading .elementor-heading-title.elementor-size-medium{font-size:19px}.elementor-widget-heading .elementor-heading-title.elementor-size-large{font-size:29px}.elementor-widget-heading .elementor-heading-title.elementor-size-xl{font-size:39px}.elementor-widget-heading .elementor-heading-title.elementor-size-xxl{font-size:59px}<\/style><h2 class=\"elementor-heading-title elementor-size-default\">Recent news\n<\/h2>\t\t<\/div>\n\t\t\t\t<\/div>\n\t\t\t\t<div class=\"elementor-element elementor-element-87d8761 elementor-grid-1 elementor-posts--thumbnail-left elementor-posts--align-left elementor-grid-tablet-2 elementor-grid-mobile-1 elementor-widget elementor-widget-posts\" data-id=\"87d8761\" data-element_type=\"widget\" data-settings=\"{&quot;classic_columns&quot;:&quot;1&quot;,&quot;classic_row_gap&quot;:{&quot;unit&quot;:&quot;px&quot;,&quot;size&quot;:45,&quot;sizes&quot;:[]},&quot;classic_columns_tablet&quot;:&quot;2&quot;,&quot;classic_columns_mobile&quot;:&quot;1&quot;,&quot;classic_row_gap_tablet&quot;:{&quot;unit&quot;:&quot;px&quot;,&quot;size&quot;:&quot;&quot;,&quot;sizes&quot;:[]},&quot;classic_row_gap_mobile&quot;:{&quot;unit&quot;:&quot;px&quot;,&quot;size&quot;:&quot;&quot;,&quot;sizes&quot;:[]}}\" data-widget_type=\"posts.classic\">\n\t\t\t\t<div class=\"elementor-widget-container\">\n\t\t\t<link rel=\"stylesheet\" href=\"https:\/\/stage.olympiquesspeciauxquebec.ca\/wp-content\/plugins\/elementor-pro\/assets\/css\/widget-posts.min.css\">\t\t<div class=\"elementor-posts-container elementor-posts elementor-posts--skin-classic elementor-grid\">\n\t\t\t\t<article class=\"elementor-post elementor-grid-item post-1950 post type-post status-publish format-standard has-post-thumbnail hentry tag-athlete-en\">\n\t\t\t\t<a class=\"elementor-post__thumbnail__link\" href=\"https:\/\/stage.olympiquesspeciauxquebec.ca\/en\/lionel-carmant-meets-special-olympics-quebec-and-attends-a-unified-game\/\" tabindex=\"-1\" >\n\t\t\t<div class=\"elementor-post__thumbnail\"><img decoding=\"async\" width=\"1000\" height=\"665\" src=\"https:\/\/stage.olympiquesspeciauxquebec.ca\/wp-content\/uploads\/2022\/05\/IMG_2540.jpg\" class=\"attachment-full size-full wp-image-783\" alt=\"\" srcset=\"https:\/\/stage.olympiquesspeciauxquebec.ca\/wp-content\/uploads\/2022\/05\/IMG_2540.jpg 1000w, https:\/\/stage.olympiquesspeciauxquebec.ca\/wp-content\/uploads\/2022\/05\/IMG_2540-300x200.jpg 300w, https:\/\/stage.olympiquesspeciauxquebec.ca\/wp-content\/uploads\/2022\/05\/IMG_2540-768x511.jpg 768w\" sizes=\"(max-width: 1000px) 100vw, 1000px\" \/><\/div>\n\t\t<\/a>\n\t\t\t\t<div class=\"elementor-post__text\">\n\t\t\t\t<h6 class=\"elementor-post__title\">\n\t\t\t<a href=\"https:\/\/stage.olympiquesspeciauxquebec.ca\/en\/lionel-carmant-meets-special-olympics-quebec-and-attends-a-unified-game\/\" >\n\t\t\t\tLionel Carmant meets Special Olympics Quebec and attends a unified game\t\t\t<\/a>\n\t\t<\/h6>\n\t\t\t\t<div class=\"elementor-post__meta-data\">\n\t\t\t\t\t<span class=\"elementor-post-date\">\n\t\t\t30 January 2023\t\t<\/span>\n\t\t\t\t<\/div>\n\t\t\t\t<\/div>\n\t\t\t\t<\/article>\n\t\t\t\t<article class=\"elementor-post elementor-grid-item post-1939 post type-post status-publish format-standard has-post-thumbnail hentry\">\n\t\t\t\t<a class=\"elementor-post__thumbnail__link\" href=\"https:\/\/stage.olympiquesspeciauxquebec.ca\/en\/a-visit-from-france\/\" tabindex=\"-1\" >\n\t\t\t<div class=\"elementor-post__thumbnail\"><img decoding=\"async\" width=\"300\" height=\"184\" src=\"https:\/\/stage.olympiquesspeciauxquebec.ca\/wp-content\/uploads\/2023\/01\/groupe-arras.jpg\" class=\"attachment-full size-full wp-image-814\" alt=\"\" \/><\/div>\n\t\t<\/a>\n\t\t\t\t<div class=\"elementor-post__text\">\n\t\t\t\t<h6 class=\"elementor-post__title\">\n\t\t\t<a href=\"https:\/\/stage.olympiquesspeciauxquebec.ca\/en\/a-visit-from-france\/\" >\n\t\t\t\tA visit from France!\t\t\t<\/a>\n\t\t<\/h6>\n\t\t\t\t<div class=\"elementor-post__meta-data\">\n\t\t\t\t\t<span class=\"elementor-post-date\">\n\t\t\t30 December 2022\t\t<\/span>\n\t\t\t\t<\/div>\n\t\t\t\t<\/div>\n\t\t\t\t<\/article>\n\t\t\t\t<\/div>\n\t\t\n\t\t\t\t<\/div>\n\t\t\t\t<\/div>\n\t\t\t\t<div class=\"elementor-element elementor-element-db274c7 elementor-widget elementor-widget-shortcode\" data-id=\"db274c7\" data-element_type=\"widget\" data-widget_type=\"shortcode.default\">\n\t\t\t\t<div class=\"elementor-widget-container\">\n\t\t\t\n\t\t\t\t\n\t\t<div class=\"elementor-shortcode\"><\/div>\n\t\t\t\t<\/div>\n\t\t\t\t<\/div>\n\t\t\t\t\t<\/div>\n\t\t<\/div>\n\t\t\t\t\t\t\t<\/div>\n\t\t<\/section>\n\t\t\t\t\t\t<\/div>\n\t\t\t\t<\/div>\n\t\t\t\t<\/div>\n\t\t\t\t<\/div>\n\t\t\t\t\t<\/div>\n\t\t<\/div>\n\t\t\t\t\t\t\t<\/div>\n\t\t<\/section>\n\t\t\t\t\t\t\t<\/div>\n\t\t","protected":false},"excerpt":{"rendered":"<p>Olympiques sp\u00e9ciaux Qu\u00e9bec a re\u00e7u une dizaine de personnes pr\u00e9sentant une d\u00e9ficience intellectuelle et un groupe de parents, professionnels et b\u00e9n\u00e9voles-accompagnateurs ce lundi \u00e0 Montr\u00e9al.<\/p>\n","protected":false},"author":1,"featured_media":814,"comment_status":"closed","ping_status":"closed","sticky":false,"template":"elementor_header_footer","format":"standard","meta":{"site-sidebar-layout":"default","site-content-layout":"","ast-site-content-layout":"","site-content-style":"default","site-sidebar-style":"default","ast-global-header-display":"","ast-banner-title-visibility":"","ast-main-header-display":"","ast-hfb-above-header-display":"","ast-hfb-below-header-display":"","ast-hfb-mobile-header-display":"","site-post-title":"","ast-breadcrumbs-content":"","ast-featured-img":"","footer-sml-layout":"","theme-transparent-header-meta":"","adv-header-id-meta":"","stick-header-meta":"","header-above-stick-meta":"","header-main-stick-meta":"","header-below-stick-meta":"","astra-migrate-meta-layouts":"","ast-page-background-enabled":"default","ast-page-background-meta":{"desktop":{"background-color":"var(--ast-global-color-4)","background-image":"","background-repeat":"repeat","background-position":"center center","background-size":"auto","background-attachment":"scroll","background-type":"","background-media":"","overlay-type":"","overlay-color":"","overlay-gradient":""},"tablet":{"background-color":"","background-image":"","background-repeat":"repeat","background-position":"center center","background-size":"auto","background-attachment":"scroll","background-type":"","background-media":"","overlay-type":"","overlay-color":"","overlay-gradient":""},"mobile":{"background-color":"","background-image":"","background-repeat":"repeat","background-position":"center center","background-size":"auto","background-attachment":"scroll","background-type":"","background-media":"","overlay-type":"","overlay-color":"","overlay-gradient":""}},"ast-content-background-meta":{"desktop":{"background-color":"var(--ast-global-color-5)","background-image":"","background-repeat":"repeat","background-position":"center center","background-size":"auto","background-attachment":"scroll","background-type":"","background-media":"","overlay-type":"","overlay-color":"","overlay-gradient":""},"tablet":{"background-color":"var(--ast-global-color-5)","background-image":"","background-repeat":"repeat","background-position":"center center","background-size":"auto","background-attachment":"scroll","background-type":"","background-media":"","overlay-type":"","overlay-color":"","overlay-gradient":""},"mobile":{"background-color":"var(--ast-global-color-5)","background-image":"","background-repeat":"repeat","background-position":"center center","background-size":"auto","background-attachment":"scroll","background-type":"","background-media":"","overlay-type":"","overlay-color":"","overlay-gradient":""}},"footnotes":""},"categories":[],"tags":[],"acf":[],"_links":{"self":[{"href":"https:\/\/stage.olympiquesspeciauxquebec.ca\/en\/wp-json\/wp\/v2\/posts\/1939"}],"collection":[{"href":"https:\/\/stage.olympiquesspeciauxquebec.ca\/en\/wp-json\/wp\/v2\/posts"}],"about":[{"href":"https:\/\/stage.olympiquesspeciauxquebec.ca\/en\/wp-json\/wp\/v2\/types\/post"}],"author":[{"embeddable":true,"href":"https:\/\/stage.olympiquesspeciauxquebec.ca\/en\/wp-json\/wp\/v2\/users\/1"}],"replies":[{"embeddable":true,"href":"https:\/\/stage.olympiquesspeciauxquebec.ca\/en\/wp-json\/wp\/v2\/comments?post=1939"}],"version-history":[{"count":2,"href":"https:\/\/stage.olympiquesspeciauxquebec.ca\/en\/wp-json\/wp\/v2\/posts\/1939\/revisions"}],"predecessor-version":[{"id":1945,"href":"https:\/\/stage.olympiquesspeciauxquebec.ca\/en\/wp-json\/wp\/v2\/posts\/1939\/revisions\/1945"}],"wp:featuredmedia":[{"embeddable":true,"href":"https:\/\/stage.olympiquesspeciauxquebec.ca\/en\/wp-json\/wp\/v2\/media\/814"}],"wp:attachment":[{"href":"https:\/\/stage.olympiquesspeciauxquebec.ca\/en\/wp-json\/wp\/v2\/media?parent=1939"}],"wp:term":[{"taxonomy":"category","embeddable":true,"href":"https:\/\/stage.olympiquesspeciauxquebec.ca\/en\/wp-json\/wp\/v2\/categories?post=1939"},{"taxonomy":"post_tag","embeddable":true,"href":"https:\/\/stage.olympiquesspeciauxquebec.ca\/en\/wp-json\/wp\/v2\/tags?post=1939"}],"curies":[{"name":"wp","href":"https:\/\/api.w.org\/{rel}","templated":true}]}}